{"id":2627,"date":"2019-11-06T10:06:52","date_gmt":"2019-11-06T13:06:52","guid":{"rendered":"http:\/\/solinte.net\/blog\/?p=2627"},"modified":"2019-11-06T16:59:26","modified_gmt":"2019-11-06T19:59:26","slug":"apuntes-de-la-primera-jornada-calden","status":"publish","type":"post","link":"https:\/\/solinte.net\/blog\/2019\/11\/apuntes-de-la-primera-jornada-calden\/","title":{"rendered":"Apuntes de la Primera Jornada Cald\u00e9n"},"content":{"rendered":"\n<p>Organizada por Solinte.net y con\nel auspicio e invitaci\u00f3n de PROME.<\/p>\n\n\n\n<p>Compartimos con ustedes un breve\nresumen de lo que fue la Jornada Cald\u00e9n que organizamos desde Solinte para\ntodos los colegios de la zona de Bah\u00eda Blanca y que se realiz\u00f3 la ma\u00f1ana del 31\nde octubre de 2019. Agradecemos a las treinta y tres personas que se acercaron\ny participaron representando a sus instituciones, a la Jefatura Regional de\nDiegep Regi\u00f3n 22 y a JUREC Bah\u00eda Blanca por extender la convocatoria &nbsp;a los colegios de la zona.<\/p>\n\n\n\n<p>La tem\u00e1tica result\u00f3 ser la\nverdadera convocante. Tuvimos la fortuna de encontrar durante el tiempo de\ngestaci\u00f3n de la idea de Cald\u00e9n, qu\u00e9 temas pod\u00edan ser \u00fatiles a las instituciones\ncon las que trabajamos habitualmente. Es un sector que conocemos y por la\nnaturaleza de nuestros servicios solemos ser destinatarios de preocupaciones\najenas a nuestras posibilidad de resoluci\u00f3n.<\/p>\n\n\n\n<p>Por eso cuando detectamos que\nalg\u00fan tema puede ser \u00fatil intentamos acercar una propuesta, aunque no tenga\nnada que ver con nosotros directamente, pero s\u00ed con el bienestar de la instituci\u00f3n\ncon la que estamos trabajando.<\/p>\n\n\n\n<figure class=\"wp-block-gallery aligncenter columns-1 is-cropped wp-block-gallery-1 is-layout-flex wp-block-gallery-is-layout-flex\"><ul class=\"blocks-gallery-grid\"><li class=\"blocks-gallery-item\"><figure><img loading=\"lazy\" decoding=\"async\" width=\"4160\" height=\"3120\" data-attachment-id=\"2633\" data-permalink=\"https:\/\/solinte.net\/blog\/2019\/11\/apuntes-de-la-primera-jornada-calden\/img_20191031_094221473\/\" data-orig-file=\"https:\/\/i0.wp.com\/solinte.net\/blog\/wp-content\/uploads\/2019\/11\/IMG_20191031_094221473.jpg?fit=4160%2C3120&amp;ssl=1\" data-orig-size=\"4160,3120\" data-comments-opened=\"1\" data-image-meta=\"{&quot;aperture&quot;:&quot;2&quot;,&quot;credit&quot;:&quot;&quot;,&quot;camera&quot;:&quot;Moto G (5)&quot;,&quot;caption&quot;:&quot;&quot;,&quot;created_timestamp&quot;:&quot;1572514941&quot;,&quot;copyright&quot;:&quot;&quot;,&quot;focal_length&quot;:&quot;3.59&quot;,&quot;iso&quot;:&quot;200&quot;,&quot;shutter_speed&quot;:&quot;0.02&quot;,&quot;title&quot;:&quot;&quot;,&quot;orientation&quot;:&quot;0&quot;}\" data-image-title=\"IMG_20191031_094221473\" data-image-description=\"\" data-image-caption=\"\" data-medium-file=\"https:\/\/i0.wp.com\/solinte.net\/blog\/wp-content\/uploads\/2019\/11\/IMG_20191031_094221473.jpg?fit=300%2C225&amp;ssl=1\" data-large-file=\"https:\/\/i0.wp.com\/solinte.net\/blog\/wp-content\/uploads\/2019\/11\/IMG_20191031_094221473.jpg?fit=843%2C632&amp;ssl=1\" src=\"https:\/\/i1.wp.com\/solinte.net\/blog\/wp-content\/uploads\/2019\/11\/IMG_20191031_094221473.jpg?fit=843%2C632&amp;ssl=1\" alt=\"\" data-id=\"2633\" data-link=\"https:\/\/solinte.net\/blog\/?attachment_id=2633\" class=\"wp-image-2633\" srcset=\"https:\/\/i0.wp.com\/solinte.net\/blog\/wp-content\/uploads\/2019\/11\/IMG_20191031_094221473.jpg?w=4160&amp;ssl=1 4160w, https:\/\/i0.wp.com\/solinte.net\/blog\/wp-content\/uploads\/2019\/11\/IMG_20191031_094221473.jpg?resize=300%2C225&amp;ssl=1 300w, https:\/\/i0.wp.com\/solinte.net\/blog\/wp-content\/uploads\/2019\/11\/IMG_20191031_094221473.jpg?resize=768%2C576&amp;ssl=1 768w, https:\/\/i0.wp.com\/solinte.net\/blog\/wp-content\/uploads\/2019\/11\/IMG_20191031_094221473.jpg?resize=1024%2C768&amp;ssl=1 1024w, https:\/\/i0.wp.com\/solinte.net\/blog\/wp-content\/uploads\/2019\/11\/IMG_20191031_094221473.jpg?resize=160%2C120&amp;ssl=1 160w, https:\/\/i0.wp.com\/solinte.net\/blog\/wp-content\/uploads\/2019\/11\/IMG_20191031_094221473.jpg?resize=600%2C450&amp;ssl=1 600w, https:\/\/i0.wp.com\/solinte.net\/blog\/wp-content\/uploads\/2019\/11\/IMG_20191031_094221473.jpg?w=1686&amp;ssl=1 1686w, https:\/\/i0.wp.com\/solinte.net\/blog\/wp-content\/uploads\/2019\/11\/IMG_20191031_094221473.jpg?w=2529&amp;ssl=1 2529w\" sizes=\"auto, (max-width: 843px) 100vw, 843px\" \/><\/figure><\/li><li class=\"blocks-gallery-item\"><figure><img loading=\"lazy\" decoding=\"async\" width=\"4160\" height=\"3120\" data-attachment-id=\"2634\" data-permalink=\"https:\/\/solinte.net\/blog\/2019\/11\/apuntes-de-la-primera-jornada-calden\/img_20191031_102408600_hdr\/\" data-orig-file=\"https:\/\/i0.wp.com\/solinte.net\/blog\/wp-content\/uploads\/2019\/11\/IMG_20191031_102408600_HDR.jpg?fit=4160%2C3120&amp;ssl=1\" data-orig-size=\"4160,3120\" data-comments-opened=\"1\" data-image-meta=\"{&quot;aperture&quot;:&quot;2&quot;,&quot;credit&quot;:&quot;&quot;,&quot;camera&quot;:&quot;Moto G (5)&quot;,&quot;caption&quot;:&quot;&quot;,&quot;created_timestamp&quot;:&quot;1572517448&quot;,&quot;copyright&quot;:&quot;&quot;,&quot;focal_length&quot;:&quot;3.59&quot;,&quot;iso&quot;:&quot;200&quot;,&quot;shutter_speed&quot;:&quot;0.02&quot;,&quot;title&quot;:&quot;&quot;,&quot;orientation&quot;:&quot;0&quot;}\" data-image-title=\"IMG_20191031_102408600_HDR\" data-image-description=\"\" data-image-caption=\"\" data-medium-file=\"https:\/\/i0.wp.com\/solinte.net\/blog\/wp-content\/uploads\/2019\/11\/IMG_20191031_102408600_HDR.jpg?fit=300%2C225&amp;ssl=1\" data-large-file=\"https:\/\/i0.wp.com\/solinte.net\/blog\/wp-content\/uploads\/2019\/11\/IMG_20191031_102408600_HDR.jpg?fit=843%2C632&amp;ssl=1\" src=\"https:\/\/i2.wp.com\/solinte.net\/blog\/wp-content\/uploads\/2019\/11\/IMG_20191031_102408600_HDR.jpg?fit=843%2C632&amp;ssl=1\" alt=\"\" data-id=\"2634\" data-link=\"https:\/\/solinte.net\/blog\/?attachment_id=2634\" class=\"wp-image-2634\" srcset=\"https:\/\/i0.wp.com\/solinte.net\/blog\/wp-content\/uploads\/2019\/11\/IMG_20191031_102408600_HDR.jpg?w=4160&amp;ssl=1 4160w, https:\/\/i0.wp.com\/solinte.net\/blog\/wp-content\/uploads\/2019\/11\/IMG_20191031_102408600_HDR.jpg?resize=300%2C225&amp;ssl=1 300w, https:\/\/i0.wp.com\/solinte.net\/blog\/wp-content\/uploads\/2019\/11\/IMG_20191031_102408600_HDR.jpg?resize=768%2C576&amp;ssl=1 768w, https:\/\/i0.wp.com\/solinte.net\/blog\/wp-content\/uploads\/2019\/11\/IMG_20191031_102408600_HDR.jpg?resize=1024%2C768&amp;ssl=1 1024w, https:\/\/i0.wp.com\/solinte.net\/blog\/wp-content\/uploads\/2019\/11\/IMG_20191031_102408600_HDR.jpg?resize=160%2C120&amp;ssl=1 160w, https:\/\/i0.wp.com\/solinte.net\/blog\/wp-content\/uploads\/2019\/11\/IMG_20191031_102408600_HDR.jpg?resize=600%2C450&amp;ssl=1 600w, https:\/\/i0.wp.com\/solinte.net\/blog\/wp-content\/uploads\/2019\/11\/IMG_20191031_102408600_HDR.jpg?w=1686&amp;ssl=1 1686w, https:\/\/i0.wp.com\/solinte.net\/blog\/wp-content\/uploads\/2019\/11\/IMG_20191031_102408600_HDR.jpg?w=2529&amp;ssl=1 2529w\" sizes=\"auto, (max-width: 843px) 100vw, 843px\" \/><\/figure><\/li><li class=\"blocks-gallery-item\"><figure><img loading=\"lazy\" decoding=\"async\" width=\"1032\" height=\"774\" data-attachment-id=\"2635\" data-permalink=\"https:\/\/solinte.net\/blog\/2019\/11\/apuntes-de-la-primera-jornada-calden\/img-20191031-wa0032\/\" data-orig-file=\"https:\/\/i0.wp.com\/solinte.net\/blog\/wp-content\/uploads\/2019\/11\/IMG-20191031-WA0032.jpg?fit=1032%2C774&amp;ssl=1\" data-orig-size=\"1032,774\" data-comments-opened=\"1\" data-image-meta=\"{&quot;aperture&quot;:&quot;0&quot;,&quot;credit&quot;:&quot;&quot;,&quot;camera&quot;:&quot;&quot;,&quot;caption&quot;:&quot;&quot;,&quot;created_timestamp&quot;:&quot;0&quot;,&quot;copyright&quot;:&quot;&quot;,&quot;focal_length&quot;:&quot;0&quot;,&quot;iso&quot;:&quot;0&quot;,&quot;shutter_speed&quot;:&quot;0&quot;,&quot;title&quot;:&quot;&quot;,&quot;orientation&quot;:&quot;0&quot;}\" data-image-title=\"IMG-20191031-WA0032\" data-image-description=\"\" data-image-caption=\"\" data-medium-file=\"https:\/\/i0.wp.com\/solinte.net\/blog\/wp-content\/uploads\/2019\/11\/IMG-20191031-WA0032.jpg?fit=300%2C225&amp;ssl=1\" data-large-file=\"https:\/\/i0.wp.com\/solinte.net\/blog\/wp-content\/uploads\/2019\/11\/IMG-20191031-WA0032.jpg?fit=843%2C632&amp;ssl=1\" src=\"https:\/\/i2.wp.com\/solinte.net\/blog\/wp-content\/uploads\/2019\/11\/IMG-20191031-WA0032.jpg?fit=843%2C632&amp;ssl=1\" alt=\"\" data-id=\"2635\" data-link=\"https:\/\/solinte.net\/blog\/?attachment_id=2635\" class=\"wp-image-2635\" srcset=\"https:\/\/i0.wp.com\/solinte.net\/blog\/wp-content\/uploads\/2019\/11\/IMG-20191031-WA0032.jpg?w=1032&amp;ssl=1 1032w, https:\/\/i0.wp.com\/solinte.net\/blog\/wp-content\/uploads\/2019\/11\/IMG-20191031-WA0032.jpg?resize=300%2C225&amp;ssl=1 300w, https:\/\/i0.wp.com\/solinte.net\/blog\/wp-content\/uploads\/2019\/11\/IMG-20191031-WA0032.jpg?resize=768%2C576&amp;ssl=1 768w, https:\/\/i0.wp.com\/solinte.net\/blog\/wp-content\/uploads\/2019\/11\/IMG-20191031-WA0032.jpg?resize=1024%2C768&amp;ssl=1 1024w, https:\/\/i0.wp.com\/solinte.net\/blog\/wp-content\/uploads\/2019\/11\/IMG-20191031-WA0032.jpg?resize=160%2C120&amp;ssl=1 160w, https:\/\/i0.wp.com\/solinte.net\/blog\/wp-content\/uploads\/2019\/11\/IMG-20191031-WA0032.jpg?resize=600%2C450&amp;ssl=1 600w\" sizes=\"auto, (max-width: 843px) 100vw, 843px\" \/><\/figure><\/li><li class=\"blocks-gallery-item\"><figure><img loading=\"lazy\" decoding=\"async\" width=\"1040\" height=\"520\" data-attachment-id=\"2636\" data-permalink=\"https:\/\/solinte.net\/blog\/2019\/11\/apuntes-de-la-primera-jornada-calden\/img-20191031-wa0072\/\" data-orig-file=\"https:\/\/i0.wp.com\/solinte.net\/blog\/wp-content\/uploads\/2019\/11\/IMG-20191031-WA0072.jpg?fit=1040%2C520&amp;ssl=1\" data-orig-size=\"1040,520\" data-comments-opened=\"1\" data-image-meta=\"{&quot;aperture&quot;:&quot;0&quot;,&quot;credit&quot;:&quot;&quot;,&quot;camera&quot;:&quot;&quot;,&quot;caption&quot;:&quot;&quot;,&quot;created_timestamp&quot;:&quot;0&quot;,&quot;copyright&quot;:&quot;&quot;,&quot;focal_length&quot;:&quot;0&quot;,&quot;iso&quot;:&quot;0&quot;,&quot;shutter_speed&quot;:&quot;0&quot;,&quot;title&quot;:&quot;&quot;,&quot;orientation&quot;:&quot;0&quot;}\" data-image-title=\"IMG-20191031-WA0072\" data-image-description=\"\" data-image-caption=\"\" data-medium-file=\"https:\/\/i0.wp.com\/solinte.net\/blog\/wp-content\/uploads\/2019\/11\/IMG-20191031-WA0072.jpg?fit=300%2C150&amp;ssl=1\" data-large-file=\"https:\/\/i0.wp.com\/solinte.net\/blog\/wp-content\/uploads\/2019\/11\/IMG-20191031-WA0072.jpg?fit=843%2C422&amp;ssl=1\" src=\"https:\/\/i0.wp.com\/solinte.net\/blog\/wp-content\/uploads\/2019\/11\/IMG-20191031-WA0072.jpg?fit=843%2C422&amp;ssl=1\" alt=\"\" data-id=\"2636\" data-link=\"https:\/\/solinte.net\/blog\/?attachment_id=2636\" class=\"wp-image-2636\" srcset=\"https:\/\/i0.wp.com\/solinte.net\/blog\/wp-content\/uploads\/2019\/11\/IMG-20191031-WA0072.jpg?w=1040&amp;ssl=1 1040w, https:\/\/i0.wp.com\/solinte.net\/blog\/wp-content\/uploads\/2019\/11\/IMG-20191031-WA0072.jpg?resize=300%2C150&amp;ssl=1 300w, https:\/\/i0.wp.com\/solinte.net\/blog\/wp-content\/uploads\/2019\/11\/IMG-20191031-WA0072.jpg?resize=768%2C384&amp;ssl=1 768w, https:\/\/i0.wp.com\/solinte.net\/blog\/wp-content\/uploads\/2019\/11\/IMG-20191031-WA0072.jpg?resize=1024%2C512&amp;ssl=1 1024w, https:\/\/i0.wp.com\/solinte.net\/blog\/wp-content\/uploads\/2019\/11\/IMG-20191031-WA0072.jpg?resize=160%2C80&amp;ssl=1 160w, https:\/\/i0.wp.com\/solinte.net\/blog\/wp-content\/uploads\/2019\/11\/IMG-20191031-WA0072.jpg?resize=600%2C300&amp;ssl=1 600w\" sizes=\"auto, (max-width: 843px) 100vw, 843px\" \/><\/figure><\/li><li class=\"blocks-gallery-item\"><figure><img loading=\"lazy\" decoding=\"async\" width=\"1040\" height=\"520\" data-attachment-id=\"2637\" data-permalink=\"https:\/\/solinte.net\/blog\/2019\/11\/apuntes-de-la-primera-jornada-calden\/img-20191031-wa0074\/\" data-orig-file=\"https:\/\/i0.wp.com\/solinte.net\/blog\/wp-content\/uploads\/2019\/11\/IMG-20191031-WA0074.jpg?fit=1040%2C520&amp;ssl=1\" data-orig-size=\"1040,520\" data-comments-opened=\"1\" data-image-meta=\"{&quot;aperture&quot;:&quot;0&quot;,&quot;credit&quot;:&quot;&quot;,&quot;camera&quot;:&quot;&quot;,&quot;caption&quot;:&quot;&quot;,&quot;created_timestamp&quot;:&quot;0&quot;,&quot;copyright&quot;:&quot;&quot;,&quot;focal_length&quot;:&quot;0&quot;,&quot;iso&quot;:&quot;0&quot;,&quot;shutter_speed&quot;:&quot;0&quot;,&quot;title&quot;:&quot;&quot;,&quot;orientation&quot;:&quot;0&quot;}\" data-image-title=\"IMG-20191031-WA0074\" data-image-description=\"\" data-image-caption=\"\" data-medium-file=\"https:\/\/i0.wp.com\/solinte.net\/blog\/wp-content\/uploads\/2019\/11\/IMG-20191031-WA0074.jpg?fit=300%2C150&amp;ssl=1\" data-large-file=\"https:\/\/i0.wp.com\/solinte.net\/blog\/wp-content\/uploads\/2019\/11\/IMG-20191031-WA0074.jpg?fit=843%2C422&amp;ssl=1\" src=\"https:\/\/i0.wp.com\/solinte.net\/blog\/wp-content\/uploads\/2019\/11\/IMG-20191031-WA0074.jpg?fit=843%2C422&amp;ssl=1\" alt=\"\" data-id=\"2637\" data-link=\"https:\/\/solinte.net\/blog\/?attachment_id=2637\" class=\"wp-image-2637\" srcset=\"https:\/\/i0.wp.com\/solinte.net\/blog\/wp-content\/uploads\/2019\/11\/IMG-20191031-WA0074.jpg?w=1040&amp;ssl=1 1040w, https:\/\/i0.wp.com\/solinte.net\/blog\/wp-content\/uploads\/2019\/11\/IMG-20191031-WA0074.jpg?resize=300%2C150&amp;ssl=1 300w, https:\/\/i0.wp.com\/solinte.net\/blog\/wp-content\/uploads\/2019\/11\/IMG-20191031-WA0074.jpg?resize=768%2C384&amp;ssl=1 768w, https:\/\/i0.wp.com\/solinte.net\/blog\/wp-content\/uploads\/2019\/11\/IMG-20191031-WA0074.jpg?resize=1024%2C512&amp;ssl=1 1024w, https:\/\/i0.wp.com\/solinte.net\/blog\/wp-content\/uploads\/2019\/11\/IMG-20191031-WA0074.jpg?resize=160%2C80&amp;ssl=1 160w, https:\/\/i0.wp.com\/solinte.net\/blog\/wp-content\/uploads\/2019\/11\/IMG-20191031-WA0074.jpg?resize=600%2C300&amp;ssl=1 600w\" sizes=\"auto, (max-width: 843px) 100vw, 843px\" \/><\/figure><\/li><li class=\"blocks-gallery-item\"><figure><img loading=\"lazy\" decoding=\"async\" width=\"1040\" height=\"520\" data-attachment-id=\"2638\" data-permalink=\"https:\/\/solinte.net\/blog\/2019\/11\/apuntes-de-la-primera-jornada-calden\/img-20191031-wa0075\/\" data-orig-file=\"https:\/\/i0.wp.com\/solinte.net\/blog\/wp-content\/uploads\/2019\/11\/IMG-20191031-WA0075.jpg?fit=1040%2C520&amp;ssl=1\" data-orig-size=\"1040,520\" data-comments-opened=\"1\" data-image-meta=\"{&quot;aperture&quot;:&quot;0&quot;,&quot;credit&quot;:&quot;&quot;,&quot;camera&quot;:&quot;&quot;,&quot;caption&quot;:&quot;&quot;,&quot;created_timestamp&quot;:&quot;0&quot;,&quot;copyright&quot;:&quot;&quot;,&quot;focal_length&quot;:&quot;0&quot;,&quot;iso&quot;:&quot;0&quot;,&quot;shutter_speed&quot;:&quot;0&quot;,&quot;title&quot;:&quot;&quot;,&quot;orientation&quot;:&quot;0&quot;}\" data-image-title=\"IMG-20191031-WA0075\" data-image-description=\"\" data-image-caption=\"\" data-medium-file=\"https:\/\/i0.wp.com\/solinte.net\/blog\/wp-content\/uploads\/2019\/11\/IMG-20191031-WA0075.jpg?fit=300%2C150&amp;ssl=1\" data-large-file=\"https:\/\/i0.wp.com\/solinte.net\/blog\/wp-content\/uploads\/2019\/11\/IMG-20191031-WA0075.jpg?fit=843%2C422&amp;ssl=1\" src=\"https:\/\/i1.wp.com\/solinte.net\/blog\/wp-content\/uploads\/2019\/11\/IMG-20191031-WA0075.jpg?fit=843%2C422&amp;ssl=1\" alt=\"\" data-id=\"2638\" data-link=\"https:\/\/solinte.net\/blog\/?attachment_id=2638\" class=\"wp-image-2638\" srcset=\"https:\/\/i0.wp.com\/solinte.net\/blog\/wp-content\/uploads\/2019\/11\/IMG-20191031-WA0075.jpg?w=1040&amp;ssl=1 1040w, https:\/\/i0.wp.com\/solinte.net\/blog\/wp-content\/uploads\/2019\/11\/IMG-20191031-WA0075.jpg?resize=300%2C150&amp;ssl=1 300w, https:\/\/i0.wp.com\/solinte.net\/blog\/wp-content\/uploads\/2019\/11\/IMG-20191031-WA0075.jpg?resize=768%2C384&amp;ssl=1 768w, https:\/\/i0.wp.com\/solinte.net\/blog\/wp-content\/uploads\/2019\/11\/IMG-20191031-WA0075.jpg?resize=1024%2C512&amp;ssl=1 1024w, https:\/\/i0.wp.com\/solinte.net\/blog\/wp-content\/uploads\/2019\/11\/IMG-20191031-WA0075.jpg?resize=160%2C80&amp;ssl=1 160w, https:\/\/i0.wp.com\/solinte.net\/blog\/wp-content\/uploads\/2019\/11\/IMG-20191031-WA0075.jpg?resize=600%2C300&amp;ssl=1 600w\" sizes=\"auto, (max-width: 843px) 100vw, 843px\" \/><\/figure><\/li><li class=\"blocks-gallery-item\"><figure><img loading=\"lazy\" decoding=\"async\" width=\"1032\" height=\"774\" data-attachment-id=\"2639\" data-permalink=\"https:\/\/solinte.net\/blog\/2019\/11\/apuntes-de-la-primera-jornada-calden\/img-20191031-wa0027\/\" data-orig-file=\"https:\/\/i0.wp.com\/solinte.net\/blog\/wp-content\/uploads\/2019\/11\/IMG-20191031-WA0027.jpg?fit=1032%2C774&amp;ssl=1\" data-orig-size=\"1032,774\" data-comments-opened=\"1\" data-image-meta=\"{&quot;aperture&quot;:&quot;0&quot;,&quot;credit&quot;:&quot;&quot;,&quot;camera&quot;:&quot;&quot;,&quot;caption&quot;:&quot;&quot;,&quot;created_timestamp&quot;:&quot;0&quot;,&quot;copyright&quot;:&quot;&quot;,&quot;focal_length&quot;:&quot;0&quot;,&quot;iso&quot;:&quot;0&quot;,&quot;shutter_speed&quot;:&quot;0&quot;,&quot;title&quot;:&quot;&quot;,&quot;orientation&quot;:&quot;0&quot;}\" data-image-title=\"IMG-20191031-WA0027\" data-image-description=\"\" data-image-caption=\"\" data-medium-file=\"https:\/\/i0.wp.com\/solinte.net\/blog\/wp-content\/uploads\/2019\/11\/IMG-20191031-WA0027.jpg?fit=300%2C225&amp;ssl=1\" data-large-file=\"https:\/\/i0.wp.com\/solinte.net\/blog\/wp-content\/uploads\/2019\/11\/IMG-20191031-WA0027.jpg?fit=843%2C632&amp;ssl=1\" src=\"https:\/\/i2.wp.com\/solinte.net\/blog\/wp-content\/uploads\/2019\/11\/IMG-20191031-WA0027.jpg?fit=843%2C632&amp;ssl=1\" alt=\"\" data-id=\"2639\" data-full-url=\"https:\/\/i2.wp.com\/solinte.net\/blog\/wp-content\/uploads\/2019\/11\/IMG-20191031-WA0027.jpg?fit=1032%2C774&amp;ssl=1\" data-link=\"https:\/\/solinte.net\/blog\/?attachment_id=2639\" class=\"wp-image-2639\" srcset=\"https:\/\/i0.wp.com\/solinte.net\/blog\/wp-content\/uploads\/2019\/11\/IMG-20191031-WA0027.jpg?w=1032&amp;ssl=1 1032w, https:\/\/i0.wp.com\/solinte.net\/blog\/wp-content\/uploads\/2019\/11\/IMG-20191031-WA0027.jpg?resize=300%2C225&amp;ssl=1 300w, https:\/\/i0.wp.com\/solinte.net\/blog\/wp-content\/uploads\/2019\/11\/IMG-20191031-WA0027.jpg?resize=768%2C576&amp;ssl=1 768w, https:\/\/i0.wp.com\/solinte.net\/blog\/wp-content\/uploads\/2019\/11\/IMG-20191031-WA0027.jpg?resize=1024%2C768&amp;ssl=1 1024w, https:\/\/i0.wp.com\/solinte.net\/blog\/wp-content\/uploads\/2019\/11\/IMG-20191031-WA0027.jpg?resize=160%2C120&amp;ssl=1 160w, https:\/\/i0.wp.com\/solinte.net\/blog\/wp-content\/uploads\/2019\/11\/IMG-20191031-WA0027.jpg?resize=600%2C450&amp;ssl=1 600w\" sizes=\"auto, (max-width: 843px) 100vw, 843px\" \/><\/figure><\/li><\/ul><figcaption class=\"blocks-gallery-caption\">Primera Jornada Cald\u00e9n<\/figcaption><\/figure>\n\n\n\n<p>Los temas fueron:<\/p>\n\n\n\n<ul class=\"wp-block-list\"><li>Comunicaci\u00f3n Interna en las Instituciones\nEducativas<\/li><li>Equipos de Orientaci\u00f3n como Dispositivos de\nSalud<\/li><li>Fuentes Confiables de Informaci\u00f3n y Normativas<\/li><li>Novedades y Espacio de Consulta<\/li><\/ul>\n\n\n\n<p>Como quer\u00edamos asegurarnos de que\nel contenido del encuentro sea realmente \u00fatil para las instituciones participantes,\nconvocamos a referentes expertos en cada \u00e1rea, respaldados por las\norganizaciones en las que trabajan, a quienes desde ya queremos agradecer por\nsumarse a esta primera jornada:<\/p>\n\n\n\n<ul class=\"wp-block-list\"><li>Carrera de Licenciatura en Comunicaci\u00f3n. Facultad\nde Ciencias Sociales, UNISAL Universidad Salesiana.<\/li><li>Crian\u00e7a Equipo de Salud Infanto-Juvenil<\/li><li>SIL Editorial Sistema de Informes Laborales<\/li><\/ul>\n\n\n\n<h1 class=\"wp-block-heading\">Comunicaci\u00f3n Interna en las Instituciones\nEducativas<\/h1>\n\n\n\n<p>Les dejamos a continuaci\u00f3n un\nbrev\u00edsimo resumen de la primera charla, a cargo de Diego Garc\u00eda, Mg. en Gesti\u00f3n\nde la Comunicaci\u00f3n en las Organizaciones, Director de la carrera de\nLicenciatura en Comunicaci\u00f3n de la Facultad de Ciencias Sociales de UNISAL (Universidad\nSalesiana).<\/p>\n\n\n\n<p>La exposici\u00f3n comenz\u00f3 con una\nidea respecto a la Comunicaci\u00f3n en general:<\/p>\n\n\n\n<p>Tenemos que comunicar ANTES. La\npreocupaci\u00f3n por comunicar no puede ser una respuesta a hechos consumados.<\/p>\n\n\n\n<p>Es imprescindible para las\norganizaciones generar conversaciones, que son las din\u00e1micas que apuntalan la\ncomunicaci\u00f3n.<\/p>\n\n\n\n<p>Nos refiri\u00f3 brevemente que a\npartir de la aparici\u00f3n en muy poco tiempo de la computadora personal, internet\ny luego los tel\u00e9fono inteligentes llegamos a que hoy la informaci\u00f3n circula\nprincipalmente por el tel\u00e9fono celular, por las redes sociales y cada vez m\u00e1s\nen formato audiovisual. <\/p>\n\n\n\n<p>A continuaci\u00f3n se plante\u00f3 un an\u00e1lisis\nde la Identidad de las instituciones convocadas:<\/p>\n\n\n\n<ul class=\"wp-block-list\"><li>Somos Escuela<\/li><li>De Gesti\u00f3n Privada<\/li><li>Con caracter\u00edsticas propias (por geograf\u00eda, por\ncreencias religiosas, por sistema de educaci\u00f3n, etc.)<\/li><\/ul>\n\n\n\n<p>Nos explic\u00f3 Diego que partir de\nla identidad de las instituciones es fundamental para gestionar la comunicaci\u00f3n\nde forma correcta. De cada uno de estos puntos hizo un an\u00e1lisis que daba\nsentido a lo que es la instituci\u00f3n.<\/p>\n\n\n\n<p>Esta Identidad difiere de la\nImagen que se tiene de la escuela, y puede ser diferente a su vez de la\nReputaci\u00f3n de la misma, y al llegar a este punto nos explica que el objetivo\n\u00faltimo de la gesti\u00f3n de la comunicaci\u00f3n es ayudar a generar y preservar el\nactivo m\u00e1s valioso de una organizaci\u00f3n: la CONFIANZA.<\/p>\n\n\n\n<p>Al vincularse y habilitar la\nconversaci\u00f3n con docentes, padres, alumnos, comunidad educativa, etc. apostamos\na fortalecer esa confianza, que se sustenta tanto lo que definimos en el\nIdeario, el discurso como en la existencia de esos canales de conversaci\u00f3n que\nactivamente buscamos sostener y facilitar.<\/p>\n\n\n\n<p>Nos dej\u00f3 una herramienta muy\nsencilla para comenzar a pensar (y peri\u00f3dicamente repensar) en nuestra gesti\u00f3n\nde la comunicaci\u00f3n en la escuela, la t\u00e9cnica se llama Mapeo de P\u00fablicos y la\nherramienta es una planilla de apenas tres columnas que luego de pensarlo un\npoco se nos presenta como una pr\u00e1ctica evidentemente fundamental. El ejemplo\nque utiliz\u00f3 para presentarla fue el siguiente:<\/p>\n\n\n\n<figure class=\"wp-block-table\"><table class=\"\"><tbody><tr><td>\n  <strong>Qui\u00e9n<\/strong>\n  <\/td><td>\n  <strong>Para Qu\u00e9<\/strong>\n  <\/td><td>\n  <strong>C\u00f3mo<\/strong>\n  <\/td><\/tr><tr><td>\n  Docentes\n  <\/td><td>\n  Convocar a una reuni\u00f3n\n  <\/td><td>\n  Grupo de WhatsApp\n  <\/td><\/tr><tr><td>\n  Estudiantes\n  <\/td><td>\n  Invitar a una actividad en el barrio\n  <\/td><td>\n  Visita a las aulas\n  <\/td><\/tr><\/tbody><\/table><\/figure>\n\n\n\n<p>As\u00ed con cada \u2018Qui\u00e9n\u2019 y \u2018Para Qu\u00e9\u2019\nnos obligamos a buscar las mejores alternativas y dejar planteada una como la\nelegida para el caso. Esa b\u00fasqueda de ser posible debe hacerse en conjunto con\nla otra parte, por ejemplo preguntando a los docentes c\u00f3mo les parece que puede\nser una v\u00eda pr\u00e1ctica para comunicar una reuni\u00f3n.<\/p>\n\n\n\n<p>Hasta aqu\u00ed el resumen de la\ncharla sobre comunicaci\u00f3n interna en los colegios.<\/p>\n\n\n\n<p>Queremos aclarar que este resumen\nno hace justicia a la exposici\u00f3n en la jornada de este tema. Durante m\u00e1s de cuarenta\nminutos estuvimos atentos a Diego Garc\u00eda que fue sumamente ameno y claro, abundando\nen ejemplos espec\u00edficos de instituciones educativas. <\/p>\n\n\n\n<h1 class=\"wp-block-heading\">Equipos de Orientaci\u00f3n como Dispositivos de\nSalud<\/h1>\n\n\n\n<p>Luego vinieron las exposiciones de las profesionales de Crian\u00e7a Equipo de Salud Infanto-Juvenil, que explicaron c\u00f3mo es la modalidad que est\u00e1n implementando en las escuelas en donde trabajan de manera conjunta a las autoridades y equipos la salud de los estudiantes con una visi\u00f3n multidisciplinaria y coordinada, tal cual lo hacen con los casos que atienden en sus consultorios. <\/p>\n\n\n\n<p>Es interesante poder conocer la\npropuesta ya que plantea alternativas sobre todo para instituciones que por su\ntama\u00f1o o alcance no pueden contar con el servicio de orientaci\u00f3n escolar que\nles gustar\u00eda brindar. Son un grupo de profesionales que hace diez a\u00f1os\nacompa\u00f1an el desarrollo desde abordajes interdisciplinarios comprometidos con LAS\ninfancias y adolescencias actuales. Destacamos la variedad de especialidades\nque componen el equipo: Pediatr\u00eda, Psicopedagog\u00eda, Psicolog\u00eda, Trabajo Social, Musicoterapia\ny Fonoaudiolog\u00eda. <\/p>\n\n\n\n<p>Agradecemos a las Licenciadas\nMar\u00eda Bel\u00e9n Arceo, Mar\u00eda Luc\u00eda Antoine, Mar\u00eda Florencia Marini y Flavia\nDiribarne por presentar una propuesta tan interesante que despert\u00f3 una\nconversaci\u00f3n muy rica luego de la exposici\u00f3n, con curiosidad y entusiasmo por\nparte de varios de los presentes para aplicar en su propia instituci\u00f3n. <\/p>\n\n\n\n<h1 class=\"wp-block-heading\">Fuentes Confiables de Informaci\u00f3n y Normativas<\/h1>\n\n\n\n<p>Continu\u00f3 la jornada con un\npeque\u00f1o descanso a cargo del Buffet La Piedad, durante el cual no s\u00f3lo\ncompartimos un caf\u00e9 y cosas ricas con los presentes, sino que se propici\u00f3 el\nmomento de intercambio de consultas e ideas respecto a la realidad compartida\ndesde las escuelas.<\/p>\n\n\n\n<p>Al momento de retomar con el\ntemario la gente de la Editorial SIL nos plante\u00f3 una verdad con la que siempre\nnos chocamos: no es suficiente Google para estar al d\u00eda en normativas y\nnovedades. Nos contaron de su nuevo producto M\u00f3dulo Escuelas, que desarrollaron\nespec\u00edficamente para la provincia de Buenos Aires, y que ya tienen planes de\nampliar a nuevas regiones.<\/p>\n\n\n\n<p>De la descripci\u00f3n de su trabajo\nvemos que vienen a llenar un espacio que colegas suyos y asociaciones en todo\nel pa\u00eds suelen desestimar, o que no alcanzan a entender su car\u00e1cter imprescindible:\npoder tener con qui\u00e9n hablar ante una consulta por una normativa, su vigencia,\nsu aplicaci\u00f3n, su estado de publicaci\u00f3n, etc\u2026 &nbsp;La atenci\u00f3n personalizada y la pronta\nrespuesta fueron los datos destacados, m\u00e1s all\u00e1 del trabajo \u2018invisible\u2019 de la\neditorial que hace recopilando y manteniendo las bases de datos de todos sus\nclientes con la informaci\u00f3n precisa y al d\u00eda.<\/p>\n\n\n\n<h1 class=\"wp-block-heading\">Novedades y Espacio de Consulta<\/h1>\n\n\n\n<p>Para cerrar la jornada\ncontinuamos con un espacio de novedades, en donde nuestra propia M\u00f3nica Paniagua\nhizo apresurar a quienes atentos tomaban apuntes, en su intento por aprovechar\nal m\u00e1ximo el caudal de datos de aplicaci\u00f3n concreta e inmediata en las\nadministraciones de sus propios colegios. Desde un pantallazo de la actualidad\nde los convenios y estatutos hasta fechas claves para compensaciones, bonos,\netc. Todo con la claridad que se agradece tanto en temas por dem\u00e1s t\u00e9cnicos y\nespec\u00edficos de la actividad.<\/p>\n\n\n\n<h1 class=\"wp-block-heading\">Agradecimiento y participaci\u00f3n destacada<\/h1>\n\n\n\n<p>A todos los que participaron y a\nlos expositores les agradecemos y contamos con ustedes para las pr\u00f3ximas\nJornadas Cald\u00e9n, que se har\u00e1n durante la primera mitad del a\u00f1o pr\u00f3ximo.<\/p>\n\n\n\n<p>Desde el equipo de Solinte\nServicios y Sistemas queremos agradecer a Juan Carlos Aliata por sus gestiones en\nnombre de PROME para hacer que la convocatoria sea exitosa. Especialmente\nqueremos agradecerle por haber convocado a la Licenciada Andrea Lambert del\nColegio Millaray de Neuqu\u00e9n, y a ella a su vez por haber compartido con\nnosotros su visi\u00f3n de la Educaci\u00f3n de Gesti\u00f3n Privada como complemento de la\nGesti\u00f3n P\u00fablica, a trav\u00e9s del prisma de su experiencia como Secretaria de\nEducaci\u00f3n Privada de su provincia durante dos periodos.<\/p>\n\n\n\n<h1 class=\"wp-block-heading\">Datos de los expositores<\/h1>\n\n\n\n<p>A continuaci\u00f3n les dejamos los datos de contacto compartidos\npor los expositores:<\/p>\n\n\n\n<p>Mg. Diego Garc\u00eda: <a href=\"mailto:comunicaci\u00f3n.dir@unisal.edu.ar\">comunicaci\u00f3n.dir@unisal.edu.ar<\/a><\/p>\n\n\n\n<p>Crian\u00e7a Equipo de Salud Infanto-Juvenil: <a href=\"mailto:crianca.equipo@gmail.com\">crianca.equipo@gmail.com<\/a> o en\nFacebook: Crian\u00e7a Equipo de Salud Infanto Juvenil<\/p>\n\n\n\n<p>Editorial SIL: <a href=\"mailto:sil@sil.com.ar\">sil@sil.com.ar<\/a>\no en el sitio del m\u00f3dulo: <a href=\"https:\/\/solinte.net\/sil\/\">https:\/\/solinte.net\/sil\/<\/a><\/p>\n\n\n\n<p>Solinte Sistemas y Servicios: <a href=\"mailto:hola@solinte.net\">hola@solinte.net<\/a> o en <a href=\"https:\/\/solinte.net\">https:\/\/solinte.net<\/a><\/p>\n","protected":false},"excerpt":{"rendered":"<p>Organizada por Solinte.net y con el auspicio e invitaci\u00f3n de PROME. Compartimos con ustedes un breve resumen de lo que fue la Jornada Cald\u00e9n que&hellip;<\/p>\n","protected":false},"author":3,"featured_media":0,"comment_status":"open","ping_status":"open","sticky":false,"template":"","format":"standard","meta":{"_s2mail":"","jetpack_post_was_ever_published":false,"_jetpack_newsletter_access":"","_jetpack_dont_email_post_to_subs":false,"_jetpack_newsletter_tier_id":0,"_jetpack_memberships_contains_paywalled_content":false,"_jetpack_memberships_contains_paid_content":false,"footnotes":"","jetpack_publicize_message":"","jetpack_publicize_feature_enabled":true,"jetpack_social_post_already_shared":false,"jetpack_social_options":{"image_generator_settings":{"template":"highway","enabled":false},"version":2}},"categories":[1],"tags":[98],"class_list":["post-2627","post","type-post","status-publish","format-standard","hentry","category-general","tag-calden"],"jetpack_publicize_connections":[],"jetpack_featured_media_url":"","jetpack_shortlink":"https:\/\/wp.me\/p2Wj23-Gn","jetpack_sharing_enabled":true,"jetpack-related-posts":[],"_links":{"self":[{"href":"https:\/\/solinte.net\/blog\/wp-json\/wp\/v2\/posts\/2627","targetHints":{"allow":["GET"]}}],"collection":[{"href":"https:\/\/solinte.net\/blog\/wp-json\/wp\/v2\/posts"}],"about":[{"href":"https:\/\/solinte.net\/blog\/wp-json\/wp\/v2\/types\/post"}],"author":[{"embeddable":true,"href":"https:\/\/solinte.net\/blog\/wp-json\/wp\/v2\/users\/3"}],"replies":[{"embeddable":true,"href":"https:\/\/solinte.net\/blog\/wp-json\/wp\/v2\/comments?post=2627"}],"version-history":[{"count":6,"href":"https:\/\/solinte.net\/blog\/wp-json\/wp\/v2\/posts\/2627\/revisions"}],"predecessor-version":[{"id":2646,"href":"https:\/\/solinte.net\/blog\/wp-json\/wp\/v2\/posts\/2627\/revisions\/2646"}],"wp:attachment":[{"href":"https:\/\/solinte.net\/blog\/wp-json\/wp\/v2\/media?parent=2627"}],"wp:term":[{"taxonomy":"category","embeddable":true,"href":"https:\/\/solinte.net\/blog\/wp-json\/wp\/v2\/categories?post=2627"},{"taxonomy":"post_tag","embeddable":true,"href":"https:\/\/solinte.net\/blog\/wp-json\/wp\/v2\/tags?post=2627"}],"curies":[{"name":"wp","href":"https:\/\/api.w.org\/{rel}","templated":true}]}}